{"id":1630,"date":"2016-05-04T18:01:21","date_gmt":"2016-05-04T16:01:21","guid":{"rendered":"http:\/\/meshkalla.gesuiti.it\/?p=1630&#038;lang=en"},"modified":"2016-05-04T18:03:04","modified_gmt":"2016-05-04T16:03:04","slug":"week-of-mercy-in-ate-pjeter-meshkalla-school","status":"publish","type":"post","link":"https:\/\/meshkalla.edu.al\/en\/week-of-mercy-in-ate-pjeter-meshkalla-school\/","title":{"rendered":"Week of Mercy in &#8220;At\u00eb Pjet\u00ebr Meshkalla&#8221; school."},"content":{"rendered":"<p>Even here in Albania we have lived the Week of Mercy, united with the Jesuit schools in Italy.<br \/>\nIn order to live it fully, we have started with a catechesis (24-26 march) where God\u2019s mercy was illustrated through an explanation of the Parable of the Loving Father (Lk 15,11-32) and of the Logo of the Jubilee of Mercy.<br \/>\nAfter this introduction we went (8-11 March) to the Shrine of Our Lady of Good Counsel, Patroness of Albania. We made the pilgrimage with our teachers, and while walking we meditated on a short text about the meaning of walking, of being pilgrims: what does it mean? \u2026 Life is a pilgrimage.<br \/>\nIn the Shrine, Father Joaquin spoke about the meaning of the Holy Door. The Door is Jesus (Jn 10,9) but also our hearts, where Jesus knocks and waits for us to open so that He can come in and dwell in us (Revelation 3, 20).<br \/>\nAfter crossing the Door, we read the Parable of the Loving father once again and contemplated the image of the Prodigal Son; we also read Pope Francis\u2019 message for the Jubilee Mercy to the youth.<br \/>\nThe Pope refers to those who cannot go to Rome like this: \u201cI invite you all to live this moment of joy in your local churches. Do not just prepare your bags and your banners \u2013 prepare your hearts and your minds above all.<br \/>\nThese moments planted a \u201cseed\u201d in us to cultivate in this Year of Grace and in our whole life.<\/p>\n<p><a href=\"http:\/\/meshkalla.gesuiti.it\/wp-content\/uploads\/2016\/05\/1934173_783361728464291_7528537179277433315_n.jpg\"><img loading=\"lazy\" decoding=\"async\" class=\"alignnone size-medium wp-image-1625\" src=\"http:\/\/meshkalla.gesuiti.it\/wp-content\/uploads\/2016\/05\/1934173_783361728464291_7528537179277433315_n-300x180.jpg\" alt=\"java e meshires 2\" width=\"300\" height=\"180\" srcset=\"https:\/\/meshkalla.edu.al\/wp-content\/uploads\/2016\/05\/1934173_783361728464291_7528537179277433315_n-300x180.jpg 300w, https:\/\/meshkalla.edu.al\/wp-content\/uploads\/2016\/05\/1934173_783361728464291_7528537179277433315_n.jpg 460w\" sizes=\"(max-width: 300px) 100vw, 300px\" \/><\/a><\/p>\n","protected":false},"excerpt":{"rendered":"<p>Even here in Albania we have lived the Week of Mercy, united with the Jesuit schools in Italy. In order to live it fully, we have started with a catechesis (24-26 march) where God\u2019s mercy was illustrated through an explanation of the Parable of the Loving Father (Lk 15,11-32) and<a class=\"continua\" href=\"https:\/\/meshkalla.edu.al\/en\/week-of-mercy-in-ate-pjeter-meshkalla-school\/\"> [read more&#8230;]<\/a><\/p>\n","protected":false},"author":45,"featured_media":1620,"comment_status":"closed","ping_status":"open","sticky":false,"template":"","format":"standard","meta":{"footnotes":""},"categories":[88],"tags":[],"class_list":["post-1630","post","type-post","status-publish","format-standard","has-post-thumbnail","hentry","category-news-en"],"yoast_head":"<!-- This site is optimized with the Yoast SEO plugin v25.6 - https:\/\/yoast.com\/wordpress\/plugins\/seo\/ -->\n<title>Week of Mercy in &quot;At\u00eb Pjet\u00ebr Meshkalla&quot; school. - Pjet\u00ebr Meshkalla Institute<\/title>\n<meta name=\"robots\" content=\"index, follow, max-snippet:-1, max-image-preview:large, max-video-preview:-1\" \/>\n<link rel=\"canonical\" href=\"https:\/\/meshkalla.edu.al\/en\/week-of-mercy-in-ate-pjeter-meshkalla-school\/\" \/>\n<meta property=\"og:locale\" content=\"en_US\" \/>\n<meta property=\"og:type\" content=\"article\" \/>\n<meta property=\"og:title\" content=\"Week of Mercy in &quot;At\u00eb Pjet\u00ebr Meshkalla&quot; school. - Pjet\u00ebr Meshkalla Institute\" \/>\n<meta property=\"og:description\" content=\"Even here in Albania we have lived the Week of Mercy, united with the Jesuit schools in Italy. In order to live it fully, we have started with a catechesis (24-26 march) where God\u2019s mercy was illustrated through an explanation of the Parable of the Loving Father (Lk 15,11-32) and [read more...]\" \/>\n<meta property=\"og:url\" content=\"https:\/\/meshkalla.edu.al\/en\/week-of-mercy-in-ate-pjeter-meshkalla-school\/\" \/>\n<meta property=\"og:site_name\" content=\"Pjet\u00ebr Meshkalla Institute\" \/>\n<meta property=\"article:published_time\" content=\"2016-05-04T16:01:21+00:00\" \/>\n<meta property=\"article:modified_time\" content=\"2016-05-04T16:03:04+00:00\" \/>\n<meta property=\"og:image\" content=\"https:\/\/meshkalla.edu.al\/wp-content\/uploads\/2016\/05\/12829499_783361808464283_8242954974186809332_o.jpg\" \/>\n\t<meta property=\"og:image:width\" content=\"460\" \/>\n\t<meta property=\"og:image:height\" content=\"345\" \/>\n\t<meta property=\"og:image:type\" content=\"image\/jpeg\" \/>\n<meta name=\"author\" content=\"meshkalla\" \/>\n<meta name=\"twitter:card\" content=\"summary_large_image\" \/>\n<meta name=\"twitter:label1\" content=\"Written by\" \/>\n\t<meta name=\"twitter:data1\" content=\"meshkalla\" \/>\n\t<meta name=\"twitter:label2\" content=\"Est. reading time\" \/>\n\t<meta name=\"twitter:data2\" content=\"1 minute\" \/>\n<script type=\"application\/ld+json\" class=\"yoast-schema-graph\">{\"@context\":\"https:\/\/schema.org\",\"@graph\":[{\"@type\":\"WebPage\",\"@id\":\"https:\/\/meshkalla.edu.al\/en\/week-of-mercy-in-ate-pjeter-meshkalla-school\/\",\"url\":\"https:\/\/meshkalla.edu.al\/en\/week-of-mercy-in-ate-pjeter-meshkalla-school\/\",\"name\":\"Week of Mercy in \\\"At\u00eb Pjet\u00ebr Meshkalla\\\" school. - Pjet\u00ebr Meshkalla Institute\",\"isPartOf\":{\"@id\":\"https:\/\/meshkalla.edu.al\/#website\"},\"primaryImageOfPage\":{\"@id\":\"https:\/\/meshkalla.edu.al\/en\/week-of-mercy-in-ate-pjeter-meshkalla-school\/#primaryimage\"},\"image\":{\"@id\":\"https:\/\/meshkalla.edu.al\/en\/week-of-mercy-in-ate-pjeter-meshkalla-school\/#primaryimage\"},\"thumbnailUrl\":\"https:\/\/meshkalla.edu.al\/wp-content\/uploads\/2016\/05\/12829499_783361808464283_8242954974186809332_o.jpg\",\"datePublished\":\"2016-05-04T16:01:21+00:00\",\"dateModified\":\"2016-05-04T16:03:04+00:00\",\"author\":{\"@id\":\"https:\/\/meshkalla.edu.al\/#\/schema\/person\/2abe8784e120080caef5f039049c721c\"},\"breadcrumb\":{\"@id\":\"https:\/\/meshkalla.edu.al\/en\/week-of-mercy-in-ate-pjeter-meshkalla-school\/#breadcrumb\"},\"inLanguage\":\"en-US\",\"potentialAction\":[{\"@type\":\"ReadAction\",\"target\":[\"https:\/\/meshkalla.edu.al\/en\/week-of-mercy-in-ate-pjeter-meshkalla-school\/\"]}]},{\"@type\":\"ImageObject\",\"inLanguage\":\"en-US\",\"@id\":\"https:\/\/meshkalla.edu.al\/en\/week-of-mercy-in-ate-pjeter-meshkalla-school\/#primaryimage\",\"url\":\"https:\/\/meshkalla.edu.al\/wp-content\/uploads\/2016\/05\/12829499_783361808464283_8242954974186809332_o.jpg\",\"contentUrl\":\"https:\/\/meshkalla.edu.al\/wp-content\/uploads\/2016\/05\/12829499_783361808464283_8242954974186809332_o.jpg\",\"width\":460,\"height\":345},{\"@type\":\"BreadcrumbList\",\"@id\":\"https:\/\/meshkalla.edu.al\/en\/week-of-mercy-in-ate-pjeter-meshkalla-school\/#breadcrumb\",\"itemListElement\":[{\"@type\":\"ListItem\",\"position\":1,\"name\":\"Home\",\"item\":\"https:\/\/meshkalla.edu.al\/\"},{\"@type\":\"ListItem\",\"position\":2,\"name\":\"Week of Mercy in &#8220;At\u00eb Pjet\u00ebr Meshkalla&#8221; school.\"}]},{\"@type\":\"WebSite\",\"@id\":\"https:\/\/meshkalla.edu.al\/#website\",\"url\":\"https:\/\/meshkalla.edu.al\/\",\"name\":\"Pjet\u00ebr Meshkalla Institute\",\"description\":\"School of the GesuitiEducazione Network\",\"potentialAction\":[{\"@type\":\"SearchAction\",\"target\":{\"@type\":\"EntryPoint\",\"urlTemplate\":\"https:\/\/meshkalla.edu.al\/?s={search_term_string}\"},\"query-input\":{\"@type\":\"PropertyValueSpecification\",\"valueRequired\":true,\"valueName\":\"search_term_string\"}}],\"inLanguage\":\"en-US\"},{\"@type\":\"Person\",\"@id\":\"https:\/\/meshkalla.edu.al\/#\/schema\/person\/2abe8784e120080caef5f039049c721c\",\"name\":\"meshkalla\",\"image\":{\"@type\":\"ImageObject\",\"inLanguage\":\"en-US\",\"@id\":\"https:\/\/meshkalla.edu.al\/#\/schema\/person\/image\/\",\"url\":\"https:\/\/secure.gravatar.com\/avatar\/953b4fa85dc2cf163cf2f8b89a860889?s=96&d=mm&r=g\",\"contentUrl\":\"https:\/\/secure.gravatar.com\/avatar\/953b4fa85dc2cf163cf2f8b89a860889?s=96&d=mm&r=g\",\"caption\":\"meshkalla\"},\"url\":\"https:\/\/meshkalla.edu.al\/en\/author\/meshkalla\/\"}]}<\/script>\n<!-- \/ Yoast SEO plugin. -->","yoast_head_json":{"title":"Week of Mercy in \"At\u00eb Pjet\u00ebr Meshkalla\" school. - Pjet\u00ebr Meshkalla Institute","robots":{"index":"index","follow":"follow","max-snippet":"max-snippet:-1","max-image-preview":"max-image-preview:large","max-video-preview":"max-video-preview:-1"},"canonical":"https:\/\/meshkalla.edu.al\/en\/week-of-mercy-in-ate-pjeter-meshkalla-school\/","og_locale":"en_US","og_type":"article","og_title":"Week of Mercy in \"At\u00eb Pjet\u00ebr Meshkalla\" school. - Pjet\u00ebr Meshkalla Institute","og_description":"Even here in Albania we have lived the Week of Mercy, united with the Jesuit schools in Italy. In order to live it fully, we have started with a catechesis (24-26 march) where God\u2019s mercy was illustrated through an explanation of the Parable of the Loving Father (Lk 15,11-32) and [read more...]","og_url":"https:\/\/meshkalla.edu.al\/en\/week-of-mercy-in-ate-pjeter-meshkalla-school\/","og_site_name":"Pjet\u00ebr Meshkalla Institute","article_published_time":"2016-05-04T16:01:21+00:00","article_modified_time":"2016-05-04T16:03:04+00:00","og_image":[{"width":460,"height":345,"url":"https:\/\/meshkalla.edu.al\/wp-content\/uploads\/2016\/05\/12829499_783361808464283_8242954974186809332_o.jpg","type":"image\/jpeg"}],"author":"meshkalla","twitter_card":"summary_large_image","twitter_misc":{"Written by":"meshkalla","Est. reading time":"1 minute"},"schema":{"@context":"https:\/\/schema.org","@graph":[{"@type":"WebPage","@id":"https:\/\/meshkalla.edu.al\/en\/week-of-mercy-in-ate-pjeter-meshkalla-school\/","url":"https:\/\/meshkalla.edu.al\/en\/week-of-mercy-in-ate-pjeter-meshkalla-school\/","name":"Week of Mercy in \"At\u00eb Pjet\u00ebr Meshkalla\" school. - Pjet\u00ebr Meshkalla Institute","isPartOf":{"@id":"https:\/\/meshkalla.edu.al\/#website"},"primaryImageOfPage":{"@id":"https:\/\/meshkalla.edu.al\/en\/week-of-mercy-in-ate-pjeter-meshkalla-school\/#primaryimage"},"image":{"@id":"https:\/\/meshkalla.edu.al\/en\/week-of-mercy-in-ate-pjeter-meshkalla-school\/#primaryimage"},"thumbnailUrl":"https:\/\/meshkalla.edu.al\/wp-content\/uploads\/2016\/05\/12829499_783361808464283_8242954974186809332_o.jpg","datePublished":"2016-05-04T16:01:21+00:00","dateModified":"2016-05-04T16:03:04+00:00","author":{"@id":"https:\/\/meshkalla.edu.al\/#\/schema\/person\/2abe8784e120080caef5f039049c721c"},"breadcrumb":{"@id":"https:\/\/meshkalla.edu.al\/en\/week-of-mercy-in-ate-pjeter-meshkalla-school\/#breadcrumb"},"inLanguage":"en-US","potentialAction":[{"@type":"ReadAction","target":["https:\/\/meshkalla.edu.al\/en\/week-of-mercy-in-ate-pjeter-meshkalla-school\/"]}]},{"@type":"ImageObject","inLanguage":"en-US","@id":"https:\/\/meshkalla.edu.al\/en\/week-of-mercy-in-ate-pjeter-meshkalla-school\/#primaryimage","url":"https:\/\/meshkalla.edu.al\/wp-content\/uploads\/2016\/05\/12829499_783361808464283_8242954974186809332_o.jpg","contentUrl":"https:\/\/meshkalla.edu.al\/wp-content\/uploads\/2016\/05\/12829499_783361808464283_8242954974186809332_o.jpg","width":460,"height":345},{"@type":"BreadcrumbList","@id":"https:\/\/meshkalla.edu.al\/en\/week-of-mercy-in-ate-pjeter-meshkalla-school\/#breadcrumb","itemListElement":[{"@type":"ListItem","position":1,"name":"Home","item":"https:\/\/meshkalla.edu.al\/"},{"@type":"ListItem","position":2,"name":"Week of Mercy in &#8220;At\u00eb Pjet\u00ebr Meshkalla&#8221; school."}]},{"@type":"WebSite","@id":"https:\/\/meshkalla.edu.al\/#website","url":"https:\/\/meshkalla.edu.al\/","name":"Pjet\u00ebr Meshkalla Institute","description":"School of the GesuitiEducazione Network","potentialAction":[{"@type":"SearchAction","target":{"@type":"EntryPoint","urlTemplate":"https:\/\/meshkalla.edu.al\/?s={search_term_string}"},"query-input":{"@type":"PropertyValueSpecification","valueRequired":true,"valueName":"search_term_string"}}],"inLanguage":"en-US"},{"@type":"Person","@id":"https:\/\/meshkalla.edu.al\/#\/schema\/person\/2abe8784e120080caef5f039049c721c","name":"meshkalla","image":{"@type":"ImageObject","inLanguage":"en-US","@id":"https:\/\/meshkalla.edu.al\/#\/schema\/person\/image\/","url":"https:\/\/secure.gravatar.com\/avatar\/953b4fa85dc2cf163cf2f8b89a860889?s=96&d=mm&r=g","contentUrl":"https:\/\/secure.gravatar.com\/avatar\/953b4fa85dc2cf163cf2f8b89a860889?s=96&d=mm&r=g","caption":"meshkalla"},"url":"https:\/\/meshkalla.edu.al\/en\/author\/meshkalla\/"}]}},"_links":{"self":[{"href":"https:\/\/meshkalla.edu.al\/en\/wp-json\/wp\/v2\/posts\/1630"}],"collection":[{"href":"https:\/\/meshkalla.edu.al\/en\/wp-json\/wp\/v2\/posts"}],"about":[{"href":"https:\/\/meshkalla.edu.al\/en\/wp-json\/wp\/v2\/types\/post"}],"author":[{"embeddable":true,"href":"https:\/\/meshkalla.edu.al\/en\/wp-json\/wp\/v2\/users\/45"}],"replies":[{"embeddable":true,"href":"https:\/\/meshkalla.edu.al\/en\/wp-json\/wp\/v2\/comments?post=1630"}],"version-history":[{"count":3,"href":"https:\/\/meshkalla.edu.al\/en\/wp-json\/wp\/v2\/posts\/1630\/revisions"}],"predecessor-version":[{"id":1633,"href":"https:\/\/meshkalla.edu.al\/en\/wp-json\/wp\/v2\/posts\/1630\/revisions\/1633"}],"wp:featuredmedia":[{"embeddable":true,"href":"https:\/\/meshkalla.edu.al\/en\/wp-json\/wp\/v2\/media\/1620"}],"wp:attachment":[{"href":"https:\/\/meshkalla.edu.al\/en\/wp-json\/wp\/v2\/media?parent=1630"}],"wp:term":[{"taxonomy":"category","embeddable":true,"href":"https:\/\/meshkalla.edu.al\/en\/wp-json\/wp\/v2\/categories?post=1630"},{"taxonomy":"post_tag","embeddable":true,"href":"https:\/\/meshkalla.edu.al\/en\/wp-json\/wp\/v2\/tags?post=1630"}],"curies":[{"name":"wp","href":"https:\/\/api.w.org\/{rel}","templated":true}]}}