{"id":1634,"date":"2016-05-04T18:10:57","date_gmt":"2016-05-04T16:10:57","guid":{"rendered":"http:\/\/meshkalla.gesuiti.it\/?p=1634&#038;lang=it"},"modified":"2016-05-04T18:10:57","modified_gmt":"2016-05-04T16:10:57","slug":"setimana-della-misericordia-nella-scuola-ate-pjeter-meshkalla","status":"publish","type":"post","link":"https:\/\/meshkalla.edu.al\/it\/setimana-della-misericordia-nella-scuola-ate-pjeter-meshkalla\/","title":{"rendered":"Setimana della Misericordia nella scuola &#8220;At\u00eb Pjet\u00ebr Meshkalla&#8221;"},"content":{"rendered":"<p>Qui, in Albania, nella nostra scuola, abbiamo vissuto la settimana della Misericordia, unendosi alle altre scuole Gesuite che sono in Italia.<br \/>\nPer vivere questo momento prima di tutto ci siamo preparati (24-26) marzo, con una catechesi dove veniva preso il tema della Misericordia attraverso la spiegazione della Parabola del Padre Misericordioso (Lc 15,11-32) e del Logo dell&#8217;Anno del Jubileo.<br \/>\nPer la celebrazione di questo momento siamo andati (8-11) marzo al Nostro Santuario della Madonna di Buon Consiglio, patrona dell&#8217;Albania.<br \/>\nDurante il pellegrinaggio eravamo accompagnati dai nostri professori e durante il tragitto abbiamo meditato attraverso un breve testo sul significato del cammino, del pellegrinaggio: Cosa significa essere in cammino? \u2026 La vita e\u2019 un cammino.<br \/>\nAl Santuario, Padre Joaquin ci ha parlato del significato della Porta. La Porta che \u00e8 Ges\u00f9 (Gv. 10,9) e ancora la porta che \u00e8 quella del nostro cuore, alla quale Ges\u00f9 bussa e aspetta che noi apriamo perch\u00e8 Lui entri e vi dimori (Zb. 3,20).<br \/>\nAttraversata La Porta, al Santuario abbiamo letto il brano del Padre Misericordioso e abbiamo contemplato l&#8217;immagine del Figliol Prodigo; abbiamo letto il messaggio di Papa Francesco rivolto ai giovani in occasione di questo straordinario anno.<br \/>\nInfatti il Papa rivolgendosi a coloro che non possono andare a Roma dice: &#8220;invito tutti a vivere questo momento di gioia nelle vostre Chiese locali. Non preparate solo gli zaini e gli striscioni &#8211; preparate soprattutto il vostro cuore e la vostra mente\u201d.<br \/>\nQuesti momenti hanno posto in noi un \u201cseme\u201d da far crescere durante tutto questo anno di Grazia, e durante la nostra vita.<\/p>\n<p><a href=\"http:\/\/meshkalla.gesuiti.it\/wp-content\/uploads\/2016\/05\/1934173_783361728464291_7528537179277433315_n.jpg\"><img loading=\"lazy\" decoding=\"async\" class=\"alignnone size-medium wp-image-1624\" src=\"http:\/\/meshkalla.gesuiti.it\/wp-content\/uploads\/2016\/05\/1934173_783361728464291_7528537179277433315_n-300x180.jpg\" alt=\"java e meshires 2\" width=\"300\" height=\"180\" srcset=\"https:\/\/meshkalla.edu.al\/wp-content\/uploads\/2016\/05\/1934173_783361728464291_7528537179277433315_n-300x180.jpg 300w, https:\/\/meshkalla.edu.al\/wp-content\/uploads\/2016\/05\/1934173_783361728464291_7528537179277433315_n.jpg 460w\" sizes=\"(max-width: 300px) 100vw, 300px\" \/><\/a><\/p>\n","protected":false},"excerpt":{"rendered":"<p>Qui, in Albania, nella nostra scuola, abbiamo vissuto la settimana della Misericordia, unendosi alle altre scuole Gesuite che sono in Italia. Per vivere questo momento prima di tutto ci siamo preparati (24-26) marzo, con una catechesi dove veniva preso il tema della Misericordia attraverso la spiegazione della Parabola del Padre<a class=\"continua\" href=\"https:\/\/meshkalla.edu.al\/it\/setimana-della-misericordia-nella-scuola-ate-pjeter-meshkalla\/\"> [continua&#8230;]<\/a><\/p>\n","protected":false},"author":45,"featured_media":1621,"comment_status":"closed","ping_status":"open","sticky":false,"template":"","format":"standard","meta":{"footnotes":""},"categories":[81],"tags":[],"class_list":["post-1634","post","type-post","status-publish","format-standard","has-post-thumbnail","hentry","category-novita"],"yoast_head":"<!-- This site is optimized with the Yoast SEO plugin v25.6 - https:\/\/yoast.com\/wordpress\/plugins\/seo\/ -->\n<title>Setimana della Misericordia nella scuola &quot;At\u00eb Pjet\u00ebr Meshkalla&quot; - Pjet\u00ebr Meshkalla Institute<\/title>\n<meta name=\"robots\" content=\"index, follow, max-snippet:-1, max-image-preview:large, max-video-preview:-1\" \/>\n<link rel=\"canonical\" href=\"https:\/\/meshkalla.edu.al\/it\/setimana-della-misericordia-nella-scuola-ate-pjeter-meshkalla\/\" \/>\n<meta property=\"og:locale\" content=\"it_IT\" \/>\n<meta property=\"og:type\" content=\"article\" \/>\n<meta property=\"og:title\" content=\"Setimana della Misericordia nella scuola &quot;At\u00eb Pjet\u00ebr Meshkalla&quot; - Pjet\u00ebr Meshkalla Institute\" \/>\n<meta property=\"og:description\" content=\"Qui, in Albania, nella nostra scuola, abbiamo vissuto la settimana della Misericordia, unendosi alle altre scuole Gesuite che sono in Italia. Per vivere questo momento prima di tutto ci siamo preparati (24-26) marzo, con una catechesi dove veniva preso il tema della Misericordia attraverso la spiegazione della Parabola del Padre [continua...]\" \/>\n<meta property=\"og:url\" content=\"https:\/\/meshkalla.edu.al\/it\/setimana-della-misericordia-nella-scuola-ate-pjeter-meshkalla\/\" \/>\n<meta property=\"og:site_name\" content=\"Pjet\u00ebr Meshkalla Institute\" \/>\n<meta property=\"article:published_time\" content=\"2016-05-04T16:10:57+00:00\" \/>\n<meta property=\"og:image\" content=\"https:\/\/meshkalla.edu.al\/wp-content\/uploads\/2016\/05\/12829499_783361808464283_8242954974186809332_o.jpg\" \/>\n\t<meta property=\"og:image:width\" content=\"460\" \/>\n\t<meta property=\"og:image:height\" content=\"345\" \/>\n\t<meta property=\"og:image:type\" content=\"image\/jpeg\" \/>\n<meta name=\"author\" content=\"meshkalla\" \/>\n<meta name=\"twitter:card\" content=\"summary_large_image\" \/>\n<meta name=\"twitter:label1\" content=\"Scritto da\" \/>\n\t<meta name=\"twitter:data1\" content=\"meshkalla\" \/>\n\t<meta name=\"twitter:label2\" content=\"Tempo di lettura stimato\" \/>\n\t<meta name=\"twitter:data2\" content=\"1 minuto\" \/>\n<script type=\"application\/ld+json\" class=\"yoast-schema-graph\">{\"@context\":\"https:\/\/schema.org\",\"@graph\":[{\"@type\":\"WebPage\",\"@id\":\"https:\/\/meshkalla.edu.al\/it\/setimana-della-misericordia-nella-scuola-ate-pjeter-meshkalla\/\",\"url\":\"https:\/\/meshkalla.edu.al\/it\/setimana-della-misericordia-nella-scuola-ate-pjeter-meshkalla\/\",\"name\":\"Setimana della Misericordia nella scuola \\\"At\u00eb Pjet\u00ebr Meshkalla\\\" - Pjet\u00ebr Meshkalla Institute\",\"isPartOf\":{\"@id\":\"https:\/\/meshkalla.edu.al\/#website\"},\"primaryImageOfPage\":{\"@id\":\"https:\/\/meshkalla.edu.al\/it\/setimana-della-misericordia-nella-scuola-ate-pjeter-meshkalla\/#primaryimage\"},\"image\":{\"@id\":\"https:\/\/meshkalla.edu.al\/it\/setimana-della-misericordia-nella-scuola-ate-pjeter-meshkalla\/#primaryimage\"},\"thumbnailUrl\":\"https:\/\/meshkalla.edu.al\/wp-content\/uploads\/2016\/05\/12829499_783361808464283_8242954974186809332_o.jpg\",\"datePublished\":\"2016-05-04T16:10:57+00:00\",\"author\":{\"@id\":\"https:\/\/meshkalla.edu.al\/#\/schema\/person\/2abe8784e120080caef5f039049c721c\"},\"breadcrumb\":{\"@id\":\"https:\/\/meshkalla.edu.al\/it\/setimana-della-misericordia-nella-scuola-ate-pjeter-meshkalla\/#breadcrumb\"},\"inLanguage\":\"it-IT\",\"potentialAction\":[{\"@type\":\"ReadAction\",\"target\":[\"https:\/\/meshkalla.edu.al\/it\/setimana-della-misericordia-nella-scuola-ate-pjeter-meshkalla\/\"]}]},{\"@type\":\"ImageObject\",\"inLanguage\":\"it-IT\",\"@id\":\"https:\/\/meshkalla.edu.al\/it\/setimana-della-misericordia-nella-scuola-ate-pjeter-meshkalla\/#primaryimage\",\"url\":\"https:\/\/meshkalla.edu.al\/wp-content\/uploads\/2016\/05\/12829499_783361808464283_8242954974186809332_o.jpg\",\"contentUrl\":\"https:\/\/meshkalla.edu.al\/wp-content\/uploads\/2016\/05\/12829499_783361808464283_8242954974186809332_o.jpg\",\"width\":460,\"height\":345},{\"@type\":\"BreadcrumbList\",\"@id\":\"https:\/\/meshkalla.edu.al\/it\/setimana-della-misericordia-nella-scuola-ate-pjeter-meshkalla\/#breadcrumb\",\"itemListElement\":[{\"@type\":\"ListItem\",\"position\":1,\"name\":\"Home\",\"item\":\"https:\/\/meshkalla.edu.al\/\"},{\"@type\":\"ListItem\",\"position\":2,\"name\":\"Setimana della Misericordia nella scuola &#8220;At\u00eb Pjet\u00ebr Meshkalla&#8221;\"}]},{\"@type\":\"WebSite\",\"@id\":\"https:\/\/meshkalla.edu.al\/#website\",\"url\":\"https:\/\/meshkalla.edu.al\/\",\"name\":\"Pjet\u00ebr Meshkalla Institute\",\"description\":\"School of the GesuitiEducazione Network\",\"potentialAction\":[{\"@type\":\"SearchAction\",\"target\":{\"@type\":\"EntryPoint\",\"urlTemplate\":\"https:\/\/meshkalla.edu.al\/?s={search_term_string}\"},\"query-input\":{\"@type\":\"PropertyValueSpecification\",\"valueRequired\":true,\"valueName\":\"search_term_string\"}}],\"inLanguage\":\"it-IT\"},{\"@type\":\"Person\",\"@id\":\"https:\/\/meshkalla.edu.al\/#\/schema\/person\/2abe8784e120080caef5f039049c721c\",\"name\":\"meshkalla\",\"image\":{\"@type\":\"ImageObject\",\"inLanguage\":\"it-IT\",\"@id\":\"https:\/\/meshkalla.edu.al\/#\/schema\/person\/image\/\",\"url\":\"https:\/\/secure.gravatar.com\/avatar\/953b4fa85dc2cf163cf2f8b89a860889?s=96&d=mm&r=g\",\"contentUrl\":\"https:\/\/secure.gravatar.com\/avatar\/953b4fa85dc2cf163cf2f8b89a860889?s=96&d=mm&r=g\",\"caption\":\"meshkalla\"},\"url\":\"https:\/\/meshkalla.edu.al\/it\/author\/meshkalla\/\"}]}<\/script>\n<!-- \/ Yoast SEO plugin. -->","yoast_head_json":{"title":"Setimana della Misericordia nella scuola \"At\u00eb Pjet\u00ebr Meshkalla\" - Pjet\u00ebr Meshkalla Institute","robots":{"index":"index","follow":"follow","max-snippet":"max-snippet:-1","max-image-preview":"max-image-preview:large","max-video-preview":"max-video-preview:-1"},"canonical":"https:\/\/meshkalla.edu.al\/it\/setimana-della-misericordia-nella-scuola-ate-pjeter-meshkalla\/","og_locale":"it_IT","og_type":"article","og_title":"Setimana della Misericordia nella scuola \"At\u00eb Pjet\u00ebr Meshkalla\" - Pjet\u00ebr Meshkalla Institute","og_description":"Qui, in Albania, nella nostra scuola, abbiamo vissuto la settimana della Misericordia, unendosi alle altre scuole Gesuite che sono in Italia. Per vivere questo momento prima di tutto ci siamo preparati (24-26) marzo, con una catechesi dove veniva preso il tema della Misericordia attraverso la spiegazione della Parabola del Padre [continua...]","og_url":"https:\/\/meshkalla.edu.al\/it\/setimana-della-misericordia-nella-scuola-ate-pjeter-meshkalla\/","og_site_name":"Pjet\u00ebr Meshkalla Institute","article_published_time":"2016-05-04T16:10:57+00:00","og_image":[{"width":460,"height":345,"url":"https:\/\/meshkalla.edu.al\/wp-content\/uploads\/2016\/05\/12829499_783361808464283_8242954974186809332_o.jpg","type":"image\/jpeg"}],"author":"meshkalla","twitter_card":"summary_large_image","twitter_misc":{"Scritto da":"meshkalla","Tempo di lettura stimato":"1 minuto"},"schema":{"@context":"https:\/\/schema.org","@graph":[{"@type":"WebPage","@id":"https:\/\/meshkalla.edu.al\/it\/setimana-della-misericordia-nella-scuola-ate-pjeter-meshkalla\/","url":"https:\/\/meshkalla.edu.al\/it\/setimana-della-misericordia-nella-scuola-ate-pjeter-meshkalla\/","name":"Setimana della Misericordia nella scuola \"At\u00eb Pjet\u00ebr Meshkalla\" - Pjet\u00ebr Meshkalla Institute","isPartOf":{"@id":"https:\/\/meshkalla.edu.al\/#website"},"primaryImageOfPage":{"@id":"https:\/\/meshkalla.edu.al\/it\/setimana-della-misericordia-nella-scuola-ate-pjeter-meshkalla\/#primaryimage"},"image":{"@id":"https:\/\/meshkalla.edu.al\/it\/setimana-della-misericordia-nella-scuola-ate-pjeter-meshkalla\/#primaryimage"},"thumbnailUrl":"https:\/\/meshkalla.edu.al\/wp-content\/uploads\/2016\/05\/12829499_783361808464283_8242954974186809332_o.jpg","datePublished":"2016-05-04T16:10:57+00:00","author":{"@id":"https:\/\/meshkalla.edu.al\/#\/schema\/person\/2abe8784e120080caef5f039049c721c"},"breadcrumb":{"@id":"https:\/\/meshkalla.edu.al\/it\/setimana-della-misericordia-nella-scuola-ate-pjeter-meshkalla\/#breadcrumb"},"inLanguage":"it-IT","potentialAction":[{"@type":"ReadAction","target":["https:\/\/meshkalla.edu.al\/it\/setimana-della-misericordia-nella-scuola-ate-pjeter-meshkalla\/"]}]},{"@type":"ImageObject","inLanguage":"it-IT","@id":"https:\/\/meshkalla.edu.al\/it\/setimana-della-misericordia-nella-scuola-ate-pjeter-meshkalla\/#primaryimage","url":"https:\/\/meshkalla.edu.al\/wp-content\/uploads\/2016\/05\/12829499_783361808464283_8242954974186809332_o.jpg","contentUrl":"https:\/\/meshkalla.edu.al\/wp-content\/uploads\/2016\/05\/12829499_783361808464283_8242954974186809332_o.jpg","width":460,"height":345},{"@type":"BreadcrumbList","@id":"https:\/\/meshkalla.edu.al\/it\/setimana-della-misericordia-nella-scuola-ate-pjeter-meshkalla\/#breadcrumb","itemListElement":[{"@type":"ListItem","position":1,"name":"Home","item":"https:\/\/meshkalla.edu.al\/"},{"@type":"ListItem","position":2,"name":"Setimana della Misericordia nella scuola &#8220;At\u00eb Pjet\u00ebr Meshkalla&#8221;"}]},{"@type":"WebSite","@id":"https:\/\/meshkalla.edu.al\/#website","url":"https:\/\/meshkalla.edu.al\/","name":"Pjet\u00ebr Meshkalla Institute","description":"School of the GesuitiEducazione Network","potentialAction":[{"@type":"SearchAction","target":{"@type":"EntryPoint","urlTemplate":"https:\/\/meshkalla.edu.al\/?s={search_term_string}"},"query-input":{"@type":"PropertyValueSpecification","valueRequired":true,"valueName":"search_term_string"}}],"inLanguage":"it-IT"},{"@type":"Person","@id":"https:\/\/meshkalla.edu.al\/#\/schema\/person\/2abe8784e120080caef5f039049c721c","name":"meshkalla","image":{"@type":"ImageObject","inLanguage":"it-IT","@id":"https:\/\/meshkalla.edu.al\/#\/schema\/person\/image\/","url":"https:\/\/secure.gravatar.com\/avatar\/953b4fa85dc2cf163cf2f8b89a860889?s=96&d=mm&r=g","contentUrl":"https:\/\/secure.gravatar.com\/avatar\/953b4fa85dc2cf163cf2f8b89a860889?s=96&d=mm&r=g","caption":"meshkalla"},"url":"https:\/\/meshkalla.edu.al\/it\/author\/meshkalla\/"}]}},"_links":{"self":[{"href":"https:\/\/meshkalla.edu.al\/it\/wp-json\/wp\/v2\/posts\/1634"}],"collection":[{"href":"https:\/\/meshkalla.edu.al\/it\/wp-json\/wp\/v2\/posts"}],"about":[{"href":"https:\/\/meshkalla.edu.al\/it\/wp-json\/wp\/v2\/types\/post"}],"author":[{"embeddable":true,"href":"https:\/\/meshkalla.edu.al\/it\/wp-json\/wp\/v2\/users\/45"}],"replies":[{"embeddable":true,"href":"https:\/\/meshkalla.edu.al\/it\/wp-json\/wp\/v2\/comments?post=1634"}],"version-history":[{"count":1,"href":"https:\/\/meshkalla.edu.al\/it\/wp-json\/wp\/v2\/posts\/1634\/revisions"}],"predecessor-version":[{"id":1635,"href":"https:\/\/meshkalla.edu.al\/it\/wp-json\/wp\/v2\/posts\/1634\/revisions\/1635"}],"wp:featuredmedia":[{"embeddable":true,"href":"https:\/\/meshkalla.edu.al\/it\/wp-json\/wp\/v2\/media\/1621"}],"wp:attachment":[{"href":"https:\/\/meshkalla.edu.al\/it\/wp-json\/wp\/v2\/media?parent=1634"}],"wp:term":[{"taxonomy":"category","embeddable":true,"href":"https:\/\/meshkalla.edu.al\/it\/wp-json\/wp\/v2\/categories?post=1634"},{"taxonomy":"post_tag","embeddable":true,"href":"https:\/\/meshkalla.edu.al\/it\/wp-json\/wp\/v2\/tags?post=1634"}],"curies":[{"name":"wp","href":"https:\/\/api.w.org\/{rel}","templated":true}]}}